{"id":812,"date":"2023-10-16T10:45:47","date_gmt":"2023-10-16T08:45:47","guid":{"rendered":"http:\/\/test.apv-ka.de\/?p=812"},"modified":"2023-10-16T10:46:11","modified_gmt":"2023-10-16T08:46:11","slug":"spaetjahrsputz-im-pz","status":"publish","type":"post","link":"https:\/\/test.apv-ka.de\/?p=812","title":{"rendered":"Sp\u00e4tjahrsputz im PZ"},"content":{"rendered":"\t\t<div data-elementor-type=\"wp-post\" data-elementor-id=\"812\" class=\"elementor elementor-812\">\n\t\t\t\t\t\t<section class=\"elementor-section elementor-top-section elementor-element elementor-element-005bd3c elementor-section-boxed elementor-section-height-default elementor-section-height-default wpr-particle-no wpr-jarallax-no wpr-parallax-no wpr-sticky-section-no wpr-equal-height-no\" data-id=\"005bd3c\" data-element_type=\"section\" data-e-type=\"section\">\n\t\t\t\t\t\t<div class=\"elementor-container elementor-column-gap-default\">\n\t\t\t\t\t<div class=\"elementor-column elementor-col-50 elementor-top-column elementor-element elementor-element-b4056e1\" data-id=\"b4056e1\" data-element_type=\"column\" data-e-type=\"column\">\n\t\t\t<div class=\"elementor-widget-wrap elementor-element-populated\">\n\t\t\t\t\t\t<div class=\"elementor-element elementor-element-f45dbf3 elementor-widget__width-initial elementor-widget elementor-widget-image\" data-id=\"f45dbf3\" data-element_type=\"widget\" data-e-type=\"widget\" data-widget_type=\"image.default\">\n\t\t\t\t<div class=\"elementor-widget-container\">\n\t\t\t\t\t\t\t\t\t\t\t\t<figure class=\"wp-caption\">\n\t\t\t\t\t\t\t\t\t\t<img fetchpriority=\"high\" decoding=\"async\" width=\"768\" height=\"1024\" src=\"https:\/\/test.apv-ka.de\/wp-content\/uploads\/2023\/10\/IMG-20231012-WA0002-768x1024.jpg\" class=\"attachment-medium_large size-medium_large wp-image-827\" alt=\"\" srcset=\"https:\/\/test.apv-ka.de\/wp-content\/uploads\/2023\/10\/IMG-20231012-WA0002-768x1024.jpg 768w, https:\/\/test.apv-ka.de\/wp-content\/uploads\/2023\/10\/IMG-20231012-WA0002-225x300.jpg 225w, https:\/\/test.apv-ka.de\/wp-content\/uploads\/2023\/10\/IMG-20231012-WA0002-300x400.jpg 300w, https:\/\/test.apv-ka.de\/wp-content\/uploads\/2023\/10\/IMG-20231012-WA0002-1152x1536.jpg 1152w, https:\/\/test.apv-ka.de\/wp-content\/uploads\/2023\/10\/IMG-20231012-WA0002.jpg 1536w\" sizes=\"(max-width: 768px) 100vw, 768px\" \/>\t\t\t\t\t\t\t\t\t\t\t<figcaption class=\"widget-image-caption wp-caption-text\">Vorher<\/figcaption>\n\t\t\t\t\t\t\t\t\t\t<\/figure>\n\t\t\t\t\t\t\t\t\t<\/div>\n\t\t\t\t<\/div>\n\t\t\t\t\t<\/div>\n\t\t<\/div>\n\t\t\t\t<div class=\"elementor-column elementor-col-50 elementor-top-column elementor-element elementor-element-80e0224\" data-id=\"80e0224\" data-element_type=\"column\" data-e-type=\"column\">\n\t\t\t<div class=\"elementor-widget-wrap elementor-element-populated\">\n\t\t\t\t\t\t<div class=\"elementor-element elementor-element-4ead879 elementor-widget__width-initial elementor-widget elementor-widget-text-editor\" data-id=\"4ead879\" data-element_type=\"widget\" data-e-type=\"widget\" data-widget_type=\"text-editor.default\">\n\t\t\t\t<div class=\"elementor-widget-container\">\n\t\t\t\t\t\t\t\t\t<p>Wir m\u00f6chten euch \u00fcber eine Initiative innerhalb unseres Vereins informieren. Aktive Studierende haben sich entschlossen, die APV-Garage wieder auf Vordermann zu bringen. Diese Garage dient als zentraler Lagerraum f\u00fcr das allj\u00e4hrliche Altstadtfest und als sicherer Fahrradabstellplatz f\u00fcr unsere Studierenden. Au\u00dferdem finden sich dort 3 Fahrr\u00e4der, die in einer zuk\u00fcnftigen Aktion zur Nutzung durch die Studierenden gewartet werden sollen.<\/p>\t\t\t\t\t\t\t\t<\/div>\n\t\t\t\t<\/div>\n\t\t\t\t\t<\/div>\n\t\t<\/div>\n\t\t\t\t\t<\/div>\n\t\t<\/section>\n\t\t\t\t<section class=\"elementor-section elementor-top-section elementor-element elementor-element-703e258 elementor-section-boxed elementor-section-height-default elementor-section-height-default wpr-particle-no wpr-jarallax-no wpr-parallax-no wpr-sticky-section-no wpr-equal-height-no\" data-id=\"703e258\" data-element_type=\"section\" data-e-type=\"section\">\n\t\t\t\t\t\t<div class=\"elementor-container elementor-column-gap-default\">\n\t\t\t\t\t<div class=\"elementor-column elementor-col-50 elementor-top-column elementor-element elementor-element-6d42995\" data-id=\"6d42995\" data-element_type=\"column\" data-e-type=\"column\">\n\t\t\t<div class=\"elementor-widget-wrap elementor-element-populated\">\n\t\t\t\t\t\t<div class=\"elementor-element elementor-element-6a78afb elementor-widget elementor-widget-text-editor\" data-id=\"6a78afb\" data-element_type=\"widget\" data-e-type=\"widget\" data-widget_type=\"text-editor.default\">\n\t\t\t\t<div class=\"elementor-widget-container\">\n\t\t\t\t\t\t\t\t\t<p style=\"-webkit-text-size-adjust: 100%;\">In den vergangenen Jahren hatte die Garage an Aufmerksamkeit verloren, doch unsere Aktivitas haben sich vorgenommen das zu\u00a0 \u00e4ndern. In Eigeninitiative haben sie beschlossen, den Raum zu organisieren und wieder funktional zu gestalten.<\/p><p style=\"-webkit-text-size-adjust: 100%;\">Die APV-Garage ist ein wichtiger Raum f\u00fcr unseren Verein, nicht nur w\u00e4hrend des Altstadtfests, sondern auch f\u00fcr den t\u00e4glichen Gebrauch unserer Studierenden. Dank der Arbeit der Aktivitas ist die Garage nun wieder \u00fcbersichtlich und gut nutzbar.<\/p><p style=\"-webkit-text-size-adjust: 100%;\">Ein gro\u00dfer Dank geht an die Studierenden, die sich f\u00fcr diese Aktion eingesetzt haben. Wir hoffen, dass ihre Beteiligung weitere hilfreiche Initiativen im PZ und in unserem Verein anregen wird.<\/p>\t\t\t\t\t\t\t\t<\/div>\n\t\t\t\t<\/div>\n\t\t\t\t\t<\/div>\n\t\t<\/div>\n\t\t\t\t<div class=\"elementor-column elementor-col-50 elementor-top-column elementor-element elementor-element-ba109d9\" data-id=\"ba109d9\" data-element_type=\"column\" data-e-type=\"column\">\n\t\t\t<div class=\"elementor-widget-wrap elementor-element-populated\">\n\t\t\t\t\t\t<div class=\"elementor-element elementor-element-ee25bde elementor-widget__width-initial elementor-widget elementor-widget-image\" data-id=\"ee25bde\" data-element_type=\"widget\" data-e-type=\"widget\" data-widget_type=\"image.default\">\n\t\t\t\t<div class=\"elementor-widget-container\">\n\t\t\t\t\t\t\t\t\t\t\t\t<figure class=\"wp-caption\">\n\t\t\t\t\t\t\t\t\t\t<img decoding=\"async\" width=\"768\" height=\"1024\" src=\"https:\/\/test.apv-ka.de\/wp-content\/uploads\/2023\/10\/IMG-20231012-WA0004-768x1024.jpg\" class=\"attachment-large size-large wp-image-828\" alt=\"\" srcset=\"https:\/\/test.apv-ka.de\/wp-content\/uploads\/2023\/10\/IMG-20231012-WA0004-768x1024.jpg 768w, https:\/\/test.apv-ka.de\/wp-content\/uploads\/2023\/10\/IMG-20231012-WA0004-225x300.jpg 225w, https:\/\/test.apv-ka.de\/wp-content\/uploads\/2023\/10\/IMG-20231012-WA0004-300x400.jpg 300w, https:\/\/test.apv-ka.de\/wp-content\/uploads\/2023\/10\/IMG-20231012-WA0004-1152x1536.jpg 1152w, https:\/\/test.apv-ka.de\/wp-content\/uploads\/2023\/10\/IMG-20231012-WA0004.jpg 1536w\" sizes=\"(max-width: 768px) 100vw, 768px\" \/>\t\t\t\t\t\t\t\t\t\t\t<figcaption class=\"widget-image-caption wp-caption-text\">Nachher <\/figcaption>\n\t\t\t\t\t\t\t\t\t\t<\/figure>\n\t\t\t\t\t\t\t\t\t<\/div>\n\t\t\t\t<\/div>\n\t\t\t\t\t<\/div>\n\t\t<\/div>\n\t\t\t\t\t<\/div>\n\t\t<\/section>\n\t\t\t\t<\/div>\n\t\t","protected":false},"excerpt":{"rendered":"<p>Vorher Wir m\u00f6chten euch \u00fcber eine Initiative innerhalb unseres Vereins informieren. Aktive Studierende haben sich entschlossen, die APV-Garage wieder auf Vordermann zu bringen. Diese Garage dient als zentraler Lagerraum f\u00fcr das allj\u00e4hrliche Altstadtfest und als sicherer Fahrradabstellplatz f\u00fcr unsere Studierenden. Au\u00dferdem finden sich dort 3 Fahrr\u00e4der, die in einer zuk\u00fcnftigen Aktion zur Nutzung durch die Studierenden gewartet werden sollen. In den vergangenen Jahren hatte die Garage an Aufmerksamkeit verloren, doch unsere Aktivitas haben sich vorgenommen das zu\u00a0 \u00e4ndern. In Eigeninitiative haben sie beschlossen, den Raum zu organisieren und wieder funktional zu gestalten. Die APV-Garage ist ein wichtiger Raum f\u00fcr unseren Verein, nicht nur w\u00e4hrend des Altstadtfests, sondern auch f\u00fcr den t\u00e4glichen Gebrauch unserer Studierenden. Dank der Arbeit der Aktivitas ist die Garage nun wieder \u00fcbersichtlich und gut nutzbar. Ein gro\u00dfer Dank geht an die Studierenden, die sich f\u00fcr diese Aktion eingesetzt haben. Wir hoffen, dass ihre Beteiligung weitere hilfreiche Initiativen im PZ und in unserem Verein anregen wird. Nachher<\/p>\n","protected":false},"author":1,"featured_media":0,"comment_status":"open","ping_status":"open","sticky":false,"template":"","format":"standard","meta":{"_monsterinsights_skip_tracking":false,"_monsterinsights_sitenote_active":false,"_monsterinsights_sitenote_note":"","_monsterinsights_sitenote_category":0,"site-sidebar-layout":"default","site-content-layout":"","ast-site-content-layout":"default","site-content-style":"default","site-sidebar-style":"default","ast-global-header-display":"","ast-banner-title-visibility":"","ast-main-header-display":"","ast-hfb-above-header-display":"","ast-hfb-below-header-display":"","ast-hfb-mobile-header-display":"","site-post-title":"","ast-breadcrumbs-content":"","ast-featured-img":"","footer-sml-layout":"","ast-disable-related-posts":"","theme-transparent-header-meta":"","adv-header-id-meta":"","stick-header-meta":"","header-above-stick-meta":"","header-main-stick-meta":"","header-below-stick-meta":"","astra-migrate-meta-layouts":"default","ast-page-background-enabled":"default","ast-page-background-meta":{"desktop":{"background-color":"var(--ast-global-color-5)","background-image":"","background-repeat":"repeat","background-position":"center center","background-size":"auto","background-attachment":"scroll","background-type":"","background-media":"","overlay-type":"","overlay-color":"","overlay-opacity":"","overlay-gradient":""},"tablet":{"background-color":"","background-image":"","background-repeat":"repeat","background-position":"center center","background-size":"auto","background-attachment":"scroll","background-type":"","background-media":"","overlay-type":"","overlay-color":"","overlay-opacity":"","overlay-gradient":""},"mobile":{"background-color":"","background-image":"","background-repeat":"repeat","background-position":"center center","background-size":"auto","background-attachment":"scroll","background-type":"","background-media":"","overlay-type":"","overlay-color":"","overlay-opacity":"","overlay-gradient":""}},"ast-content-background-meta":{"desktop":{"background-color":"var(--ast-global-color-4)","background-image":"","background-repeat":"repeat","background-position":"center center","background-size":"auto","background-attachment":"scroll","background-type":"","background-media":"","overlay-type":"","overlay-color":"","overlay-opacity":"","overlay-gradient":""},"tablet":{"background-color":"var(--ast-global-color-4)","background-image":"","background-repeat":"repeat","background-position":"center center","background-size":"auto","background-attachment":"scroll","background-type":"","background-media":"","overlay-type":"","overlay-color":"","overlay-opacity":"","overlay-gradient":""},"mobile":{"background-color":"var(--ast-global-color-4)","background-image":"","background-repeat":"repeat","background-position":"center center","background-size":"auto","background-attachment":"scroll","background-type":"","background-media":"","overlay-type":"","overlay-color":"","overlay-opacity":"","overlay-gradient":""}},"footnotes":""},"categories":[1],"tags":[],"class_list":["post-812","post","type-post","status-publish","format-standard","hentry","category-allgemein"],"_links":{"self":[{"href":"https:\/\/test.apv-ka.de\/index.php?rest_route=\/wp\/v2\/posts\/812","targetHints":{"allow":["GET"]}}],"collection":[{"href":"https:\/\/test.apv-ka.de\/index.php?rest_route=\/wp\/v2\/posts"}],"about":[{"href":"https:\/\/test.apv-ka.de\/index.php?rest_route=\/wp\/v2\/types\/post"}],"author":[{"embeddable":true,"href":"https:\/\/test.apv-ka.de\/index.php?rest_route=\/wp\/v2\/users\/1"}],"replies":[{"embeddable":true,"href":"https:\/\/test.apv-ka.de\/index.php?rest_route=%2Fwp%2Fv2%2Fcomments&post=812"}],"version-history":[{"count":20,"href":"https:\/\/test.apv-ka.de\/index.php?rest_route=\/wp\/v2\/posts\/812\/revisions"}],"predecessor-version":[{"id":835,"href":"https:\/\/test.apv-ka.de\/index.php?rest_route=\/wp\/v2\/posts\/812\/revisions\/835"}],"wp:attachment":[{"href":"https:\/\/test.apv-ka.de\/index.php?rest_route=%2Fwp%2Fv2%2Fmedia&parent=812"}],"wp:term":[{"taxonomy":"category","embeddable":true,"href":"https:\/\/test.apv-ka.de\/index.php?rest_route=%2Fwp%2Fv2%2Fcategories&post=812"},{"taxonomy":"post_tag","embeddable":true,"href":"https:\/\/test.apv-ka.de\/index.php?rest_route=%2Fwp%2Fv2%2Ftags&post=812"}],"curies":[{"name":"wp","href":"https:\/\/api.w.org\/{rel}","templated":true}]}}