{"id":798,"date":"2023-10-14T11:29:08","date_gmt":"2023-10-14T09:29:08","guid":{"rendered":"http:\/\/test.apv-ka.de\/?p=798"},"modified":"2023-10-14T11:33:55","modified_gmt":"2023-10-14T09:33:55","slug":"elementor-798","status":"publish","type":"post","link":"https:\/\/test.apv-ka.de\/?p=798","title":{"rendered":"Einladung zur JHV 2023"},"content":{"rendered":"\t\t<div data-elementor-type=\"wp-post\" data-elementor-id=\"798\" class=\"elementor elementor-798\">\n\t\t\t\t\t\t<section class=\"elementor-section elementor-top-section elementor-element elementor-element-d414dea elementor-section-boxed elementor-section-height-default elementor-section-height-default wpr-particle-no wpr-jarallax-no wpr-parallax-no wpr-sticky-section-no wpr-equal-height-no\" data-id=\"d414dea\" data-element_type=\"section\" data-e-type=\"section\">\n\t\t\t\t\t\t<div class=\"elementor-container elementor-column-gap-default\">\n\t\t\t\t\t<div class=\"elementor-column elementor-col-100 elementor-top-column elementor-element elementor-element-a09904a\" data-id=\"a09904a\" data-element_type=\"column\" data-e-type=\"column\">\n\t\t\t<div class=\"elementor-widget-wrap elementor-element-populated\">\n\t\t\t\t\t\t<div class=\"elementor-element elementor-element-2f22070 elementor-widget elementor-widget-text-editor\" data-id=\"2f22070\" data-element_type=\"widget\" data-e-type=\"widget\" data-widget_type=\"text-editor.default\">\n\t\t\t\t<div class=\"elementor-widget-container\">\n\t\t\t\t\t\t\t\t\t<p style=\"font-weight: 400;\">Liebe Mitglieder,\u00a0<\/p><p style=\"font-weight: 400;\">\u00a0<\/p><p style=\"font-weight: 400;\">ich m\u00f6chte mich zuerst einmal von Herzen bei allen von euch bedanken, die sich auf unseren Hilferuf hin gemeldet haben. Eure Unterst\u00fctzung und eure Bereitschaft, sich f\u00fcr unseren Verein einzusetzen, sind wirklich bemerkenswert.<\/p><p style=\"font-weight: 400;\">\u00a0<\/p><p style=\"font-weight: 400;\">Im Rahmen des 20-j\u00e4hrigen Bestehens unseres Studiengangs und des diesj\u00e4hrigen Altstadtfests konnten viele tatkr\u00e4ftige Unterst\u00fctzer gefunden werden. Im Folgenden eine Aufstellung der (geplant) neuen Vorstandsmitglieder des APV:<\/p><p style=\"font-weight: 400;\">\u00a0<\/p><p style=\"font-weight: 400;\">Geplanter Vorstand:<\/p><table style=\"font-weight: 400;\" width=\"467\"><tbody><tr><td width=\"212\"><p><strong>APV-Funktion<\/strong><\/p><\/td><td width=\"76\"><p><strong>Vorname<\/strong><\/p><\/td><td width=\"94\"><p><strong>Name<\/strong><\/p><\/td><td width=\"86\"><p><strong>Matrikel<\/strong><\/p><\/td><\/tr><tr><td width=\"212\"><p>Vorstandsvorsitzender<\/p><\/td><td width=\"76\"><p>Daniel<\/p><\/td><td width=\"94\"><p>Heid<\/p><\/td><td width=\"86\"><p>14<\/p><\/td><\/tr><tr><td width=\"212\"><p>stellv. Vorstandsvorsitzender<\/p><\/td><td width=\"76\"><p>Fabio<\/p><\/td><td width=\"94\"><p>Wunsch<\/p><\/td><td width=\"86\"><p>14<\/p><\/td><\/tr><tr><td width=\"212\"><p>1. Schriftf\u00fchrer<\/p><\/td><td width=\"76\"><p>Jasmin<\/p><\/td><td width=\"94\"><p>Freihalter<\/p><\/td><td width=\"86\"><p>20<\/p><\/td><\/tr><tr><td width=\"212\"><p>2. Schriftf\u00fchrer<\/p><\/td><td width=\"76\"><p>\u00a0<\/p><\/td><td width=\"94\"><p>\u00a0<\/p><\/td><td width=\"86\"><p>\u00a0<\/p><\/td><\/tr><tr><td width=\"212\"><p>1. Beisitzer<\/p><\/td><td width=\"76\"><p>Manuel<\/p><\/td><td width=\"94\"><p>Braun<\/p><\/td><td width=\"86\"><p>20<\/p><\/td><\/tr><tr><td width=\"212\"><p>2. Beisitzer<\/p><\/td><td width=\"76\"><p>Marius<\/p><\/td><td width=\"94\"><p>Hellenbrand<\/p><\/td><td width=\"86\"><p>20<\/p><\/td><\/tr><tr><td width=\"212\"><p>1. Kassenwart<\/p><\/td><td width=\"76\"><p>Niklas<\/p><\/td><td width=\"94\"><p>Elsenbusch<\/p><\/td><td width=\"86\"><p>14<\/p><\/td><\/tr><tr><td width=\"212\"><p>2. Kassenwart<\/p><\/td><td width=\"76\"><p>Ronny<\/p><\/td><td width=\"94\"><p>Neubauer<\/p><\/td><td width=\"86\"><p>22<\/p><\/td><\/tr><tr><td width=\"212\"><p>Aktivitas Vorstand<\/p><\/td><td width=\"76\"><p>Lars<\/p><\/td><td width=\"94\"><p>Gloyer<\/p><\/td><td width=\"86\"><p>20<\/p><\/td><\/tr><\/tbody><\/table><p style=\"font-weight: 400;\">\u00a0<\/p><p style=\"font-weight: 400;\">Wie ihr sehen k\u00f6nnt, haben wir f\u00fcr die meisten Funktionen bereits Freiwillige finden k\u00f6nnen. Grunds\u00e4tzlich gilt jedoch: Es ist nichts in Stein gemei\u00dfelt. Wer ein Amt \u00fcbernehmen m\u00f6chte, darf sich gerne melden \u2013 jede helfende Hand wird gebraucht und wir sind noch mitten in den Vorbereitungen.\u00a0<u>Insbesondere f\u00fcr die Stellen des 2. Schriftf\u00fchrers sind wir nach wie vor auf der Suche nach Unterst\u00fctzung.<\/u><\/p><p style=\"font-weight: 400;\">\u00a0<\/p><p style=\"font-weight: 400;\">Um als Verein m\u00f6glichst schnell wieder handlungsf\u00e4hig zu werden, m\u00f6chten wir am 08.11.23 um 19 Uhr eine JHV abhalten, den alten Vorstand entlasten, sowie die neuen Vorstandsmitglieder einsetzen.<\/p><p style=\"font-weight: 400;\">Diese wird digital stattfinden und ist unter folgendem Link erreichbar:<\/p><p style=\"font-weight: 400;\">________________________________________________________________________________<\/p><p style=\"font-weight: 400;\">Microsoft Teams-Besprechung<\/p><p style=\"font-weight: 400;\"><strong>Nehmen Sie auf dem Computer, in der mobilen App oder im Raumger\u00e4t teil<\/strong><\/p><p style=\"font-weight: 400;\"><a href=\"https:\/\/teams.microsoft.com\/l\/meetup-join\/19%3ameeting_ZWE3YzVmMWUtM2MyNS00NWRjLWI1ZTUtMTEyN2Q0NTk1YTkw%40thread.v2\/0?context=%7b%22Tid%22%3a%223e385b9a-06c7-455e-873b-5e24846f0ec3%22%2c%22Oid%22%3a%22967fc40c-2c4b-446c-9621-1c1989c6c481%22%7d\" data-saferedirecturl=\"https:\/\/www.google.com\/url?q=https:\/\/teams.microsoft.com\/l\/meetup-join\/19%253ameeting_ZWE3YzVmMWUtM2MyNS00NWRjLWI1ZTUtMTEyN2Q0NTk1YTkw%2540thread.v2\/0?context%3D%257b%2522Tid%2522%253a%25223e385b9a-06c7-455e-873b-5e24846f0ec3%2522%252c%2522Oid%2522%253a%2522967fc40c-2c4b-446c-9621-1c1989c6c481%2522%257d&amp;source=gmail&amp;ust=1697359132273000&amp;usg=AOvVaw0cLn6v2E8rn2In3foXWKgc\">Hier klicken, um an der Besprechung teilzunehmen<\/a><\/p><p style=\"font-weight: 400;\">Besprechungs-ID:\u00a0357 148 792 360<br \/>Passcode:\u00a0FDJcbZ<\/p><p style=\"font-weight: 400;\"><a href=\"https:\/\/www.microsoft.com\/en-us\/microsoft-teams\/download-app\" data-saferedirecturl=\"https:\/\/www.google.com\/url?q=https:\/\/www.microsoft.com\/en-us\/microsoft-teams\/download-app&amp;source=gmail&amp;ust=1697359132273000&amp;usg=AOvVaw3QFSZ7E4AufEfugGBZAKza\">Teams herunterladen<\/a>\u00a0|\u00a0<a href=\"https:\/\/www.microsoft.com\/microsoft-teams\/join-a-meeting\" data-saferedirecturl=\"https:\/\/www.google.com\/url?q=https:\/\/www.microsoft.com\/microsoft-teams\/join-a-meeting&amp;source=gmail&amp;ust=1697359132273000&amp;usg=AOvVaw0TrNmx0UYAwWF42469OlkK\">Im Web beitreten<\/a><\/p><p style=\"font-weight: 400;\"><a href=\"https:\/\/aka.ms\/JoinTeamsMeeting\" data-saferedirecturl=\"https:\/\/www.google.com\/url?q=https:\/\/aka.ms\/JoinTeamsMeeting&amp;source=gmail&amp;ust=1697359132273000&amp;usg=AOvVaw1H7hP5GHKyHWD9qlBHzTPl\">Weitere Infos<\/a>\u00a0|\u00a0<a href=\"https:\/\/teams.microsoft.com\/meetingOptions\/?organizerId=967fc40c-2c4b-446c-9621-1c1989c6c481&amp;tenantId=3e385b9a-06c7-455e-873b-5e24846f0ec3&amp;threadId=19_meeting_ZWE3YzVmMWUtM2MyNS00NWRjLWI1ZTUtMTEyN2Q0NTk1YTkw@thread.v2&amp;messageId=0&amp;language=de-DE\" data-saferedirecturl=\"https:\/\/www.google.com\/url?q=https:\/\/teams.microsoft.com\/meetingOptions\/?organizerId%3D967fc40c-2c4b-446c-9621-1c1989c6c481%26tenantId%3D3e385b9a-06c7-455e-873b-5e24846f0ec3%26threadId%3D19_meeting_ZWE3YzVmMWUtM2MyNS00NWRjLWI1ZTUtMTEyN2Q0NTk1YTkw@thread.v2%26messageId%3D0%26language%3Dde-DE&amp;source=gmail&amp;ust=1697359132273000&amp;usg=AOvVaw1jsRwuuG3csV_PoefvR00o\">Besprechungsoptionen<\/a><\/p><p style=\"font-weight: 400;\">________________________________________________________________________________<\/p><p style=\"font-weight: 400;\">\u00a0<\/p><p style=\"font-weight: 400;\">\u00a0<\/p><p style=\"font-weight: 400;\">Gleichzeitig freue ich mich mitteilen zu k\u00f6nnen, dass wir planen, das Altstadtfest wieder als eine feste Konstante in unserem APV-Kalender zu verankern. Wir haben dieses Jahr wieder feststellen k\u00f6nnen, wie wertvoll dieses Event f\u00fcr die Gemeinschaft ist und sehen vor, dass unsere Jahreshauptversammlung zuk\u00fcnftig wieder im Rahmen dieses Fest-Wochenendes in Gernsbach stattfinden soll. Dies wird eine gro\u00dfartige Gelegenheit sein, unsere Vereinsarbeit zu pr\u00e4sentieren und gemeinsam zu feiern.<\/p><p style=\"font-weight: 400;\">\u00a0<\/p><p style=\"font-weight: 400;\">Leider sind die rechtlichen Fragen rund um unseren Verein immer noch offen (Gemeinn\u00fctzigkeit), und auch das Thema Steuern muss noch f\u00fcr die letzten Jahre aufgearbeitet werden. Wir arbeiten stetig daran, diese Angelegenheiten zu kl\u00e4ren.<\/p><p style=\"font-weight: 400;\">\u00a0<\/p><p style=\"font-weight: 400;\">Nochmals vielen Dank an alle, die sich engagiert haben. Gemeinsam werden wir nicht nur unsere Vereinsstruktur st\u00e4rken und rechtliche Fragen kl\u00e4ren, sondern auch unseren Stand auf dem Altstadtfest wiederbeleben.<\/p><p style=\"font-weight: 400;\">\u00a0<\/p><p style=\"font-weight: 400;\">Mit herzlichen Gr\u00fc\u00dfen,<\/p><p style=\"font-weight: 400;\">Daniel Heid (Matrikel 14)<\/p><p style=\"font-weight: 400;\">Jonas Hain (Matrikel 13)<\/p>\t\t\t\t\t\t\t\t<\/div>\n\t\t\t\t<\/div>\n\t\t\t\t\t<\/div>\n\t\t<\/div>\n\t\t\t\t\t<\/div>\n\t\t<\/section>\n\t\t\t\t<\/div>\n\t\t","protected":false},"excerpt":{"rendered":"<p>Liebe Mitglieder, ich m\u00f6chte mich zuerst einmal von Herzen bei allen von euch bedanken, die sich auf unseren Hilferuf hin gemeldet haben. Eure Unterst\u00fctzung und eure Bereitschaft, sich f\u00fcr unseren Verein einzusetzen, sind wirklich bemerkenswert. Im Rahmen des 20-j\u00e4hrigen Bestehens unseres Studiengangs und des diesj\u00e4hrigen Altstadtfests konnten viele tatkr\u00e4ftige Unterst\u00fctzer gefunden werden. Im Folgenden eine Aufstellung der (geplant) neuen Vorstandsmitglieder des APV: Geplanter Vorstand: APV-Funktion Vorname Name Matrikel Vorstandsvorsitzender Daniel Heid 14 stellv. Vorstandsvorsitzender Fabio Wunsch 14 1. Schriftf\u00fchrer Jasmin Freihalter 20 2. Schriftf\u00fchrer 1. Beisitzer Manuel Braun 20 2. Beisitzer Marius Hellenbrand 20 1. Kassenwart Niklas Elsenbusch 14 2. Kassenwart Ronny Neubauer 22 Aktivitas Vorstand Lars Gloyer 20 Wie ihr sehen k\u00f6nnt, haben wir f\u00fcr die meisten Funktionen bereits Freiwillige finden k\u00f6nnen. Grunds\u00e4tzlich gilt jedoch: Es ist nichts in Stein gemei\u00dfelt. Wer ein Amt \u00fcbernehmen m\u00f6chte, darf sich gerne melden \u2013 jede helfende Hand wird gebraucht und wir sind noch mitten in den Vorbereitungen.\u00a0Insbesondere f\u00fcr die Stellen des 2. Schriftf\u00fchrers sind wir nach wie vor auf der Suche nach Unterst\u00fctzung. Um als Verein m\u00f6glichst schnell wieder handlungsf\u00e4hig zu werden, m\u00f6chten wir am 08.11.23 um 19 Uhr eine JHV abhalten, den alten Vorstand entlasten, sowie die neuen Vorstandsmitglieder einsetzen. Diese wird digital stattfinden und ist unter folgendem Link erreichbar: ________________________________________________________________________________ Microsoft Teams-Besprechung Nehmen Sie auf dem Computer, in der mobilen App oder im Raumger\u00e4t teil Hier klicken, um an der Besprechung teilzunehmen Besprechungs-ID:\u00a0357 148 792 360 Passcode:\u00a0FDJcbZ Teams herunterladen\u00a0|\u00a0Im Web beitreten Weitere Infos\u00a0|\u00a0Besprechungsoptionen ________________________________________________________________________________ Gleichzeitig freue ich mich mitteilen zu k\u00f6nnen, dass wir planen, das Altstadtfest wieder als eine feste Konstante in unserem APV-Kalender zu verankern. Wir haben dieses Jahr wieder feststellen k\u00f6nnen, wie wertvoll dieses Event f\u00fcr die Gemeinschaft ist und sehen vor, dass unsere Jahreshauptversammlung zuk\u00fcnftig wieder im Rahmen dieses Fest-Wochenendes in Gernsbach stattfinden soll. Dies wird eine gro\u00dfartige Gelegenheit sein, unsere Vereinsarbeit zu pr\u00e4sentieren und gemeinsam zu feiern. Leider sind die rechtlichen Fragen rund um unseren Verein immer noch offen (Gemeinn\u00fctzigkeit), und auch das Thema Steuern muss noch f\u00fcr die letzten Jahre aufgearbeitet werden. Wir arbeiten stetig daran, diese Angelegenheiten zu kl\u00e4ren. Nochmals vielen Dank an alle, die sich engagiert haben. Gemeinsam werden wir nicht nur unsere Vereinsstruktur st\u00e4rken und rechtliche Fragen kl\u00e4ren, sondern auch unseren Stand auf dem Altstadtfest wiederbeleben. Mit herzlichen Gr\u00fc\u00dfen, Daniel Heid (Matrikel 14) Jonas Hain (Matrikel 13)<\/p>\n","protected":false},"author":1,"featured_media":0,"comment_status":"open","ping_status":"open","sticky":false,"template":"","format":"standard","meta":{"_monsterinsights_skip_tracking":false,"_monsterinsights_sitenote_active":false,"_monsterinsights_sitenote_note":"","_monsterinsights_sitenote_category":0,"site-sidebar-layout":"default","site-content-layout":"","ast-site-content-layout":"default","site-content-style":"default","site-sidebar-style":"default","ast-global-header-display":"","ast-banner-title-visibility":"","ast-main-header-display":"","ast-hfb-above-header-display":"","ast-hfb-below-header-display":"","ast-hfb-mobile-header-display":"","site-post-title":"","ast-breadcrumbs-content":"","ast-featured-img":"","footer-sml-layout":"","ast-disable-related-posts":"","theme-transparent-header-meta":"","adv-header-id-meta":"","stick-header-meta":"","header-above-stick-meta":"","header-main-stick-meta":"","header-below-stick-meta":"","astra-migrate-meta-layouts":"default","ast-page-background-enabled":"default","ast-page-background-meta":{"desktop":{"background-color":"var(--ast-global-color-5)","background-image":"","background-repeat":"repeat","background-position":"center center","background-size":"auto","background-attachment":"scroll","background-type":"","background-media":"","overlay-type":"","overlay-color":"","overlay-opacity":"","overlay-gradient":""},"tablet":{"background-color":"","background-image":"","background-repeat":"repeat","background-position":"center center","background-size":"auto","background-attachment":"scroll","background-type":"","background-media":"","overlay-type":"","overlay-color":"","overlay-opacity":"","overlay-gradient":""},"mobile":{"background-color":"","background-image":"","background-repeat":"repeat","background-position":"center center","background-size":"auto","background-attachment":"scroll","background-type":"","background-media":"","overlay-type":"","overlay-color":"","overlay-opacity":"","overlay-gradient":""}},"ast-content-background-meta":{"desktop":{"background-color":"var(--ast-global-color-4)","background-image":"","background-repeat":"repeat","background-position":"center center","background-size":"auto","background-attachment":"scroll","background-type":"","background-media":"","overlay-type":"","overlay-color":"","overlay-opacity":"","overlay-gradient":""},"tablet":{"background-color":"var(--ast-global-color-4)","background-image":"","background-repeat":"repeat","background-position":"center center","background-size":"auto","background-attachment":"scroll","background-type":"","background-media":"","overlay-type":"","overlay-color":"","overlay-opacity":"","overlay-gradient":""},"mobile":{"background-color":"var(--ast-global-color-4)","background-image":"","background-repeat":"repeat","background-position":"center center","background-size":"auto","background-attachment":"scroll","background-type":"","background-media":"","overlay-type":"","overlay-color":"","overlay-opacity":"","overlay-gradient":""}},"footnotes":""},"categories":[1],"tags":[],"class_list":["post-798","post","type-post","status-publish","format-standard","hentry","category-allgemein"],"_links":{"self":[{"href":"https:\/\/test.apv-ka.de\/index.php?rest_route=\/wp\/v2\/posts\/798","targetHints":{"allow":["GET"]}}],"collection":[{"href":"https:\/\/test.apv-ka.de\/index.php?rest_route=\/wp\/v2\/posts"}],"about":[{"href":"https:\/\/test.apv-ka.de\/index.php?rest_route=\/wp\/v2\/types\/post"}],"author":[{"embeddable":true,"href":"https:\/\/test.apv-ka.de\/index.php?rest_route=\/wp\/v2\/users\/1"}],"replies":[{"embeddable":true,"href":"https:\/\/test.apv-ka.de\/index.php?rest_route=%2Fwp%2Fv2%2Fcomments&post=798"}],"version-history":[{"count":8,"href":"https:\/\/test.apv-ka.de\/index.php?rest_route=\/wp\/v2\/posts\/798\/revisions"}],"predecessor-version":[{"id":810,"href":"https:\/\/test.apv-ka.de\/index.php?rest_route=\/wp\/v2\/posts\/798\/revisions\/810"}],"wp:attachment":[{"href":"https:\/\/test.apv-ka.de\/index.php?rest_route=%2Fwp%2Fv2%2Fmedia&parent=798"}],"wp:term":[{"taxonomy":"category","embeddable":true,"href":"https:\/\/test.apv-ka.de\/index.php?rest_route=%2Fwp%2Fv2%2Fcategories&post=798"},{"taxonomy":"post_tag","embeddable":true,"href":"https:\/\/test.apv-ka.de\/index.php?rest_route=%2Fwp%2Fv2%2Ftags&post=798"}],"curies":[{"name":"wp","href":"https:\/\/api.w.org\/{rel}","templated":true}]}}