{"id":286,"date":"2019-03-12T13:16:17","date_gmt":"2019-03-12T12:16:17","guid":{"rendered":"http:\/\/test.apv-ka.de\/?p=286"},"modified":"2019-03-12T13:16:17","modified_gmt":"2019-03-12T12:16:17","slug":"volleypap-rueckblick-2018-und-info-2019","status":"publish","type":"post","link":"https:\/\/test.apv-ka.de\/?p=286","title":{"rendered":"Volleypap &#8211; R\u00fcckblick 2018 und Info 2019"},"content":{"rendered":"\n<p>Vom 25. Bis 27. Mai fand 2018 das Volleypap-Turnier wieder in Darmstadt statt.<\/p>\n\n\n\n<p>Neben den rein studentischen Teams aus der Papiertechnik folgten auch ehemalige Absolventen und Firmen aus der Papierbranche der Einladung durch den <strong>APV Darmstadt<\/strong>. So stellten Studenten aus <strong>Dresden<\/strong>, <strong>Karlsruhe<\/strong>, <strong>\u0141\u00f3d\u017a <\/strong>(Polen), Mitarbeiter des PMV der <strong>TU<\/strong> <strong>Darmstadt <\/strong>und die <strong>Papier- und Kartonfabrik Varel <\/strong>insgesamt 8 Volleyball-Mannschaften.<\/p>\n\n\n\n<figure class=\"wp-block-image\"><img decoding=\"async\" src=\"https:\/\/mail.google.com\/mail\/u\/0?ui=2&amp;ik=7959d51c82&amp;attid=0.1&amp;permmsgid=msg-f:1627385073138997582&amp;th=1695a21a0d39194e&amp;view=fimg&amp;disp=thd&amp;attbid=ANGjdJ8pOtdSSUyZkn73qmpkI7a-AB41kvyZjoC1__VInRJ6HBiDsWTOY5WaU7Hr54BMhpZd9qkWqEzluTjWfYuHEuOeEIkMX1aRaKSm_HjNIZIbwqsqI8YJlqPAcZs&amp;ats=2524608000000&amp;sz=w1680-h917\" alt=\"IMG-20180528-WA0028.jpg wird angezeigt.\"\/><figcaption>Die Teams der Papierindustrie in vollem Gange<\/figcaption><\/figure>\n\n\n\n<p>Bereits am Freitag reiste ein Gro\u00dfteil der Teams an und fand sich abends bei bestem Wetter im Biergarten Dieburger Stra\u00dfe ein. In geselliger Runde wurden schnell alte Bekanntschaften aufgefrischt und neue Kontakte gekn\u00fcpft. So verwunderte es nicht, dass der Abend nach dem <strong>Biergartenaufenthalt <\/strong>kurzerhand im Haus des Akademischen Verein Darmstadt weitergef\u00fchrt wurde.<\/p>\n\n\n\n<div class=\"wp-block-image\"><figure class=\"alignright is-resized\"><img decoding=\"async\" src=\"https:\/\/www.pmv.tu-darmstadt.de\/media\/fachgebiet_pmv\/apv\/apv-logo_rgb.jpg\" alt=\"Bildergebnis f\u00fcr apv darmstadt\" width=\"229\" height=\"114\"\/><\/figure><\/div>\n\n\n\n<p><br>F\u00fcr den Turniertag stand die Turnhalle der TU Darmstadt zur Verf\u00fcgung. Im klassischen \u201e<strong>Jeder gegen Jeden<\/strong>\u201c trugen die Mannschaften in sehr ansehnlichen Matches den sportlichen Wettkampf aus. Neben dem sportlichen Aspekt, stand aber zu jeder Zeit der Spa\u00df am (und um das) Spiel im Vordergrund. <\/p>\n\n\n\n<p style=\"text-align:center\"><em>Zumindest waren die Teams des APV Karlsruhe die lautst\u00e4rksten Vertreter! <\/em><\/p>\n\n\n\n<p style=\"font-size:22px\"><strong>Ohne Niederlage und mit 7 Siegen aus 7 Spielen k\u00fcrte sich das Team aus \u0141\u00f3d\u017a am Ende des Tages klar zum Turniersieger.<\/strong><\/p>\n\n\n\n<p>Nach dem Turnier hatte jeder die M\u00f6glichkeit den Schwei\u00df der K\u00e4mpfe abzuduschen und sich f\u00fcr die im Hoffart Theater stattfindende <strong>Siegerehrung <\/strong>und <strong>After-Party<\/strong> frisch zu machen. Bei leckerem Essen vom Buffet und dem ein oder anderen kalten Bier wurde das Volleypap dann angemessen bis sp\u00e4t in die Nacht gefeiert.<\/p>\n\n\n\n<p>Wie auch die Jahre zuvor, war das gesamte Wochenende wieder eine absolut <strong>runde Sache<\/strong> und hat <strong>wahnsinnig viel Spa\u00df<\/strong> gemacht. <strong>Ein gro\u00dfer Dank geht an den APV Darmstadt f\u00fcr die Einladung und die ganze Organisation.<\/strong><br> <\/p>\n\n\n\n<p>Und da das n\u00e4chste Volleypap schon vor der T\u00fcr steht, folgender Hinweis und <strong>Aufruf<\/strong>:<br>Das diesj\u00e4hrige Volleypap findet vom <strong>24. Mai bis 26. Mai 2019<\/strong> wieder <strong>in Darmstadt<\/strong> statt!<br>An alle Aktivitas und Ehemalige: Kommt alle nach Darmstadt und stellt Mannschaften oder schlie\u00dft euch Teams f\u00fcr den <strong>APV Karlsruhe<\/strong> an.<br>Es w\u00e4re wirklich sch\u00f6n, wenn wir Karlsruher zahlreich vertreten sind. Nat\u00fcrlich ist es auch m\u00f6glich, nur zum Turniertag am 25. Mai zu kommen.<\/p>\n\n\n\n<p><em>Simon Kasper<\/em><\/p>\n","protected":false},"excerpt":{"rendered":"<p>Ohne Niederlage und mit 7 Siegen aus 7 Spielen k\u00fcrte sich das Team aus \u0141\u00f3d\u017a am Ende des Tages klar zum Turniersieger.<\/p>\n","protected":false},"author":1,"featured_media":287,"comment_status":"open","ping_status":"open","sticky":false,"template":"","format":"standard","meta":{"_monsterinsights_skip_tracking":false,"_monsterinsights_sitenote_active":false,"_monsterinsights_sitenote_note":"","_monsterinsights_sitenote_category":0,"site-sidebar-layout":"default","site-content-layout":"","ast-site-content-layout":"default","site-content-style":"default","site-sidebar-style":"default","ast-global-header-display":"","ast-banner-title-visibility":"","ast-main-header-display":"","ast-hfb-above-header-display":"","ast-hfb-below-header-display":"","ast-hfb-mobile-header-display":"","site-post-title":"","ast-breadcrumbs-content":"","ast-featured-img":"","footer-sml-layout":"","ast-disable-related-posts":"","theme-transparent-header-meta":"","adv-header-id-meta":"","stick-header-meta":"","header-above-stick-meta":"","header-main-stick-meta":"","header-below-stick-meta":"","astra-migrate-meta-layouts":"default","ast-page-background-enabled":"default","ast-page-background-meta":{"desktop":{"background-color":"var(--ast-global-color-5)","background-image":"","background-repeat":"repeat","background-position":"center center","background-size":"auto","background-attachment":"scroll","background-type":"","background-media":"","overlay-type":"","overlay-color":"","overlay-opacity":"","overlay-gradient":""},"tablet":{"background-color":"","background-image":"","background-repeat":"repeat","background-position":"center center","background-size":"auto","background-attachment":"scroll","background-type":"","background-media":"","overlay-type":"","overlay-color":"","overlay-opacity":"","overlay-gradient":""},"mobile":{"background-color":"","background-image":"","background-repeat":"repeat","background-position":"center center","background-size":"auto","background-attachment":"scroll","background-type":"","background-media":"","overlay-type":"","overlay-color":"","overlay-opacity":"","overlay-gradient":""}},"ast-content-background-meta":{"desktop":{"background-color":"var(--ast-global-color-4)","background-image":"","background-repeat":"repeat","background-position":"center center","background-size":"auto","background-attachment":"scroll","background-type":"","background-media":"","overlay-type":"","overlay-color":"","overlay-opacity":"","overlay-gradient":""},"tablet":{"background-color":"var(--ast-global-color-4)","background-image":"","background-repeat":"repeat","background-position":"center center","background-size":"auto","background-attachment":"scroll","background-type":"","background-media":"","overlay-type":"","overlay-color":"","overlay-opacity":"","overlay-gradient":""},"mobile":{"background-color":"var(--ast-global-color-4)","background-image":"","background-repeat":"repeat","background-position":"center center","background-size":"auto","background-attachment":"scroll","background-type":"","background-media":"","overlay-type":"","overlay-color":"","overlay-opacity":"","overlay-gradient":""}},"footnotes":""},"categories":[7],"tags":[2,3,4,5,6,8,9],"class_list":["post-286","post","type-post","status-publish","format-standard","has-post-thumbnail","hentry","category-veranstaltung","tag-apv","tag-apv-darmstadt","tag-darmstadt","tag-gernsbach","tag-karlsruhe","tag-volleyball","tag-volleypap"],"_links":{"self":[{"href":"https:\/\/test.apv-ka.de\/index.php?rest_route=\/wp\/v2\/posts\/286","targetHints":{"allow":["GET"]}}],"collection":[{"href":"https:\/\/test.apv-ka.de\/index.php?rest_route=\/wp\/v2\/posts"}],"about":[{"href":"https:\/\/test.apv-ka.de\/index.php?rest_route=\/wp\/v2\/types\/post"}],"author":[{"embeddable":true,"href":"https:\/\/test.apv-ka.de\/index.php?rest_route=\/wp\/v2\/users\/1"}],"replies":[{"embeddable":true,"href":"https:\/\/test.apv-ka.de\/index.php?rest_route=%2Fwp%2Fv2%2Fcomments&post=286"}],"version-history":[{"count":0,"href":"https:\/\/test.apv-ka.de\/index.php?rest_route=\/wp\/v2\/posts\/286\/revisions"}],"wp:featuredmedia":[{"embeddable":true,"href":"https:\/\/test.apv-ka.de\/index.php?rest_route=\/wp\/v2\/media\/287"}],"wp:attachment":[{"href":"https:\/\/test.apv-ka.de\/index.php?rest_route=%2Fwp%2Fv2%2Fmedia&parent=286"}],"wp:term":[{"taxonomy":"category","embeddable":true,"href":"https:\/\/test.apv-ka.de\/index.php?rest_route=%2Fwp%2Fv2%2Fcategories&post=286"},{"taxonomy":"post_tag","embeddable":true,"href":"https:\/\/test.apv-ka.de\/index.php?rest_route=%2Fwp%2Fv2%2Ftags&post=286"}],"curies":[{"name":"wp","href":"https:\/\/api.w.org\/{rel}","templated":true}]}}