{"id":1370,"date":"2025-01-08T19:23:33","date_gmt":"2025-01-08T18:23:33","guid":{"rendered":"https:\/\/test.apv-ka.de\/?p=1370"},"modified":"2025-01-16T14:01:31","modified_gmt":"2025-01-16T13:01:31","slug":"verabschiedung-tpt21","status":"publish","type":"post","link":"https:\/\/test.apv-ka.de\/?p=1370","title":{"rendered":"Verabschiedung TPT21"},"content":{"rendered":"\t\t<div data-elementor-type=\"wp-post\" data-elementor-id=\"1370\" class=\"elementor elementor-1370\">\n\t\t\t\t\t\t<section class=\"elementor-section elementor-top-section elementor-element elementor-element-fe87064 elementor-section-boxed elementor-section-height-default elementor-section-height-default wpr-particle-no wpr-jarallax-no wpr-parallax-no wpr-sticky-section-no wpr-equal-height-no\" data-id=\"fe87064\" data-element_type=\"section\" data-e-type=\"section\">\n\t\t\t\t\t\t<div class=\"elementor-container elementor-column-gap-default\">\n\t\t\t\t\t<div class=\"elementor-column elementor-col-100 elementor-top-column elementor-element elementor-element-395d334\" data-id=\"395d334\" data-element_type=\"column\" data-e-type=\"column\">\n\t\t\t<div class=\"elementor-widget-wrap elementor-element-populated\">\n\t\t\t\t\t\t<div class=\"elementor-element elementor-element-3e28f04 elementor-widget elementor-widget-heading\" data-id=\"3e28f04\" data-element_type=\"widget\" data-e-type=\"widget\" data-widget_type=\"heading.default\">\n\t\t\t\t<div class=\"elementor-widget-container\">\n\t\t\t\t\t<h2 class=\"elementor-heading-title elementor-size-default\">\ud835\udde9\ud835\uddf2\ud835\uddff\ud835\uddee\ud835\uddef\ud835\ude00\ud835\uddf0\ud835\uddf5\ud835\uddf6\ud835\uddf2\ud835\uddf1\ud835\ude02\ud835\uddfb\ud835\uddf4 \ud835\ude02\ud835\uddfb\ud835\ude00\ud835\uddf2\ud835\uddff\ud835\uddf2\ud835\uddff \ud835\uddd4\ud835\uddef\ud835\ude00\ud835\uddfc\ud835\uddf9\ud835\ude03\ud835\uddf2\ud835\uddfb\ud835\ude01\ud835\uddf2\ud835\uddfb \ud835\uddf1\ud835\uddf2\ud835\ude00 \ud835\udde6\ud835\ude01\ud835\ude02\ud835\uddf1\ud835\uddf6\ud835\uddf2\ud835\uddfb\ud835\uddf4\ud835\uddee\ud835\uddfb\ud835\uddf4\ud835\ude00 \ud835\udde7\ud835\udde3\ud835\udde7\ud835\udfee\ud835\udfed \ud83c\udf93\u2728<\/h2>\t\t\t\t<\/div>\n\t\t\t\t<\/div>\n\t\t\t\t\t<\/div>\n\t\t<\/div>\n\t\t\t\t\t<\/div>\n\t\t<\/section>\n\t\t\t\t<section class=\"elementor-section elementor-top-section elementor-element elementor-element-e344077 elementor-section-boxed elementor-section-height-default elementor-section-height-default wpr-particle-no wpr-jarallax-no wpr-parallax-no wpr-sticky-section-no wpr-equal-height-no\" data-id=\"e344077\" data-element_type=\"section\" data-e-type=\"section\">\n\t\t\t\t\t\t<div class=\"elementor-container elementor-column-gap-default\">\n\t\t\t\t\t<div class=\"elementor-column elementor-col-100 elementor-top-column elementor-element elementor-element-8178360\" data-id=\"8178360\" data-element_type=\"column\" data-e-type=\"column\">\n\t\t\t<div class=\"elementor-widget-wrap elementor-element-populated\">\n\t\t\t\t\t\t<div class=\"elementor-element elementor-element-d89e8d9 elementor-widget elementor-widget-text-editor\" data-id=\"d89e8d9\" data-element_type=\"widget\" data-e-type=\"widget\" data-widget_type=\"text-editor.default\">\n\t\t\t\t<div class=\"elementor-widget-container\">\n\t\t\t\t\t\t\t\t\t<p>Am 16.11.2024 konnten wir uns freuen, gemeinsam mit den Absolventen des Studiengangs Papiertechnik die feierliche Verabschiedung am Campus des Papierzentrum Gernsbach zu begehen. Nach der Begr\u00fc\u00dfung durch Herrn ANDRE P. H. M\u00dcLLER , Hauptgesch\u00e4ftsf\u00fchrer des Papierzentrums, folgten Gru\u00dfworte von Herrn Prof. Dr. Roland Kuestermann, Dekan der Fakult\u00e4t Technik der Duale Hochschule Baden-W\u00fcrttemberg (DHBW) Karlsruhe und Herrn Uwe Meyer, Vertreter des B\u00fcrgermeisters der Stadt Gernsbach.<\/p><p>Ein besonderer Teil des Tages war die Verleihung der Auszeichnungen durch Herrn M\u00dcLLER \ud83c\udf96\ufe0f. F\u00fcr die \ud835\uddef\ud835\uddf2\ud835\ude00\ud835\ude01\ud835\uddf2 \ud835\uddda\ud835\uddf2\ud835\ude00\ud835\uddee\ud835\uddfa\ud835\ude01\ud835\uddf9\ud835\uddf2\ud835\uddf6\ud835\ude00\ud835\ude01\ud835\ude02\ud835\uddfb\ud835\uddf4 wurde Steffen Klein der Preis des Verbandes DIE PAPIERINDUSTRIE sowie der Ehrenpreis des Landkreis Rastatt f\u00fcr die \ud835\uddef\ud835\uddf2\ud835\ude00\ud835\ude01\ud835\uddf2 \ud835\udde7\ud835\uddf5\ud835\uddf2\ud835\uddfc\ud835\uddff\ud835\uddf6\ud835\uddf2\ud835\uddf9\ud835\uddf2\ud835\uddf6\ud835\ude00\ud835\ude01\ud835\ude02\ud835\uddfb\ud835\uddf4 verliehen. Den Industriepreis des F\u00f6rdervereins Papierzentrum Gernsbach \u2013 F\u00d6P e.V. f\u00fcr die \ud835\uddef\ud835\uddf2\ud835\ude00\ud835\ude01\ud835\uddf2 \ud835\uddfd\ud835\uddff\ud835\uddee\ud835\ude05\ud835\uddf6\ud835\ude00\ud835\uddfc\ud835\uddff\ud835\uddf6\ud835\uddf2\ud835\uddfb\ud835\ude01\ud835\uddf6\ud835\uddf2\ud835\uddff\ud835\ude01\ud835\uddf2 \ud835\uddd5\ud835\uddee\ud835\uddf0\ud835\uddf5\ud835\uddf2\ud835\uddf9\ud835\uddfc\ud835\uddff\ud835\uddee\ud835\uddff\ud835\uddef\ud835\uddf2\ud835\uddf6\ud835\ude01 erhielt Dominik Sa\u00df. Wir gratulieren Steffen und Dominik mit gro\u00dfer Anerkennung f\u00fcr ihre herausragenden Leistungen. \ud83c\udfc6<\/p><p>Im Anschluss richtete Prof. Dr. Jukka Valkama als Studiengangsleitung einige Worte an die Absolventen und die mitgereisten G\u00e4ste. Gemeinsam mit Prof. Dr. Monika Kopra-Sch\u00e4fer und Prof. Dr. Markus Wildberger \u00fcbergaben Sie die Zeugnisse feierlich an die Absolventen.<\/p><p>Die Feier fand traditionell ihren Abschluss bei einem festlichen Essen \ud83c\udf7d\ufe0f in der Badischen Stube des Papiermacherhauses, das in einem famili\u00e4ren Rahmen viel Freude bereitete.<\/p><p>Wir gratulieren allen Absolventen herzlich zu ihren Leistungen und w\u00fcnschen ihnen weiterhin viel Erfolg und das Beste auf ihrem beruflichen Weg. \ud83d\ude80<\/p><p>Auf ein baldiges Wiedersehen! \ud83d\udc4b<\/p>\t\t\t\t\t\t\t\t<\/div>\n\t\t\t\t<\/div>\n\t\t\t\t\t<\/div>\n\t\t<\/div>\n\t\t\t\t\t<\/div>\n\t\t<\/section>\n\t\t\t\t<section class=\"elementor-section elementor-top-section elementor-element elementor-element-3c8f56e elementor-section-boxed elementor-section-height-default elementor-section-height-default wpr-particle-no wpr-jarallax-no wpr-parallax-no wpr-sticky-section-no wpr-equal-height-no\" data-id=\"3c8f56e\" data-element_type=\"section\" data-e-type=\"section\">\n\t\t\t\t\t\t<div class=\"elementor-container elementor-column-gap-default\">\n\t\t\t\t\t<div class=\"elementor-column elementor-col-50 elementor-top-column elementor-element elementor-element-d7e66db\" data-id=\"d7e66db\" data-element_type=\"column\" data-e-type=\"column\">\n\t\t\t<div class=\"elementor-widget-wrap elementor-element-populated\">\n\t\t\t\t\t\t<div class=\"elementor-element elementor-element-a7f066c elementor-widget elementor-widget-image\" data-id=\"a7f066c\" data-element_type=\"widget\" data-e-type=\"widget\" data-widget_type=\"image.default\">\n\t\t\t\t<div class=\"elementor-widget-container\">\n\t\t\t\t\t\t\t\t\t\t\t\t\t\t\t<img fetchpriority=\"high\" decoding=\"async\" width=\"1024\" height=\"683\" src=\"https:\/\/test.apv-ka.de\/wp-content\/uploads\/2024\/12\/Absolventen-mit-Studiengangsleitung.jpg\" class=\"attachment-large size-large wp-image-1372\" alt=\"\" srcset=\"https:\/\/test.apv-ka.de\/wp-content\/uploads\/2024\/12\/Absolventen-mit-Studiengangsleitung.jpg 1024w, https:\/\/test.apv-ka.de\/wp-content\/uploads\/2024\/12\/Absolventen-mit-Studiengangsleitung-300x200.jpg 300w, https:\/\/test.apv-ka.de\/wp-content\/uploads\/2024\/12\/Absolventen-mit-Studiengangsleitung-768x512.jpg 768w, https:\/\/test.apv-ka.de\/wp-content\/uploads\/2024\/12\/Absolventen-mit-Studiengangsleitung-391x260.jpg 391w\" sizes=\"(max-width: 1024px) 100vw, 1024px\" \/>\t\t\t\t\t\t\t\t\t\t\t\t\t\t\t<\/div>\n\t\t\t\t<\/div>\n\t\t\t\t\t<\/div>\n\t\t<\/div>\n\t\t\t\t<div class=\"elementor-column elementor-col-50 elementor-top-column elementor-element elementor-element-a70c7fa\" data-id=\"a70c7fa\" data-element_type=\"column\" data-e-type=\"column\">\n\t\t\t<div class=\"elementor-widget-wrap elementor-element-populated\">\n\t\t\t\t\t\t<div class=\"elementor-element elementor-element-6318bb4 elementor-widget elementor-widget-image\" data-id=\"6318bb4\" data-element_type=\"widget\" data-e-type=\"widget\" data-widget_type=\"image.default\">\n\t\t\t\t<div class=\"elementor-widget-container\">\n\t\t\t\t\t\t\t\t\t\t\t\t\t\t\t<img decoding=\"async\" width=\"1024\" height=\"683\" src=\"https:\/\/test.apv-ka.de\/wp-content\/uploads\/2024\/12\/Vorstand-APV.jpg\" class=\"attachment-large size-large wp-image-1373\" alt=\"\" srcset=\"https:\/\/test.apv-ka.de\/wp-content\/uploads\/2024\/12\/Vorstand-APV.jpg 1024w, https:\/\/test.apv-ka.de\/wp-content\/uploads\/2024\/12\/Vorstand-APV-300x200.jpg 300w, https:\/\/test.apv-ka.de\/wp-content\/uploads\/2024\/12\/Vorstand-APV-768x512.jpg 768w, https:\/\/test.apv-ka.de\/wp-content\/uploads\/2024\/12\/Vorstand-APV-391x260.jpg 391w\" sizes=\"(max-width: 1024px) 100vw, 1024px\" \/>\t\t\t\t\t\t\t\t\t\t\t\t\t\t\t<\/div>\n\t\t\t\t<\/div>\n\t\t\t\t\t<\/div>\n\t\t<\/div>\n\t\t\t\t\t<\/div>\n\t\t<\/section>\n\t\t\t\t<section class=\"elementor-section elementor-top-section elementor-element elementor-element-b8a93c8 elementor-section-boxed elementor-section-height-default elementor-section-height-default wpr-particle-no wpr-jarallax-no wpr-parallax-no wpr-sticky-section-no wpr-equal-height-no\" data-id=\"b8a93c8\" data-element_type=\"section\" data-e-type=\"section\">\n\t\t\t\t\t\t<div class=\"elementor-container elementor-column-gap-default\">\n\t\t\t\t\t<div class=\"elementor-column elementor-col-100 elementor-top-column elementor-element elementor-element-a1ec2ca\" data-id=\"a1ec2ca\" data-element_type=\"column\" data-e-type=\"column\">\n\t\t\t<div class=\"elementor-widget-wrap elementor-element-populated\">\n\t\t\t\t\t\t<div class=\"elementor-element elementor-element-cbb027b elementor-widget elementor-widget-text-editor\" data-id=\"cbb027b\" data-element_type=\"widget\" data-e-type=\"widget\" data-widget_type=\"text-editor.default\">\n\t\t\t\t<div class=\"elementor-widget-container\">\n\t\t\t\t\t\t\t\t\t<p>Absolventen des Studiengangs TPT21:<\/p><ul><li>Cilli Barth<\/li><li>Nico Begemann<\/li><li>Denis Bilkic<\/li><li>Lucas B\u00f6hmer<\/li><li>Manuel Braun<\/li><li>Jasmin Freihalter<\/li><li>Lars Gloyer<\/li><li>Marius Heine<\/li><li>Marius Hellenbrand<\/li><li>Fabian Hirsch<\/li><li>Steffen Klein<\/li><li>Genc Krasniqi<\/li><li>Dominik Sa\u00df<\/li><li>Amadeus Schlo\u00df<\/li><li>Alexander Stark<\/li><\/ul>\t\t\t\t\t\t\t\t<\/div>\n\t\t\t\t<\/div>\n\t\t\t\t\t<\/div>\n\t\t<\/div>\n\t\t\t\t\t<\/div>\n\t\t<\/section>\n\t\t\t\t<\/div>\n\t\t","protected":false},"excerpt":{"rendered":"<p>\ud835\udde9\ud835\uddf2\ud835\uddff\ud835\uddee\ud835\uddef\ud835\ude00\ud835\uddf0\ud835\uddf5\ud835\uddf6\ud835\uddf2\ud835\uddf1\ud835\ude02\ud835\uddfb\ud835\uddf4 \ud835\ude02\ud835\uddfb\ud835\ude00\ud835\uddf2\ud835\uddff\ud835\uddf2\ud835\uddff \ud835\uddd4\ud835\uddef\ud835\ude00\ud835\uddfc\ud835\uddf9\ud835\ude03\ud835\uddf2\ud835\uddfb\ud835\ude01\ud835\uddf2\ud835\uddfb \ud835\uddf1\ud835\uddf2\ud835\ude00 \ud835\udde6\ud835\ude01\ud835\ude02\ud835\uddf1\ud835\uddf6\ud835\uddf2\ud835\uddfb\ud835\uddf4\ud835\uddee\ud835\uddfb\ud835\uddf4\ud835\ude00 \ud835\udde7\ud835\udde3\ud835\udde7\ud835\udfee\ud835\udfed \ud83c\udf93\u2728 Am 16.11.2024 konnten wir uns freuen, gemeinsam mit den Absolventen des Studiengangs Papiertechnik die feierliche Verabschiedung am Campus des Papierzentrum Gernsbach zu begehen. Nach der Begr\u00fc\u00dfung durch Herrn ANDRE P. H. M\u00dcLLER , Hauptgesch\u00e4ftsf\u00fchrer des Papierzentrums, folgten Gru\u00dfworte von Herrn Prof. Dr. Roland Kuestermann, Dekan der Fakult\u00e4t Technik der Duale Hochschule Baden-W\u00fcrttemberg (DHBW) Karlsruhe und Herrn Uwe Meyer, Vertreter des B\u00fcrgermeisters der Stadt Gernsbach. Ein besonderer Teil des Tages war die Verleihung der Auszeichnungen durch Herrn M\u00dcLLER \ud83c\udf96\ufe0f. F\u00fcr die \ud835\uddef\ud835\uddf2\ud835\ude00\ud835\ude01\ud835\uddf2 \ud835\uddda\ud835\uddf2\ud835\ude00\ud835\uddee\ud835\uddfa\ud835\ude01\ud835\uddf9\ud835\uddf2\ud835\uddf6\ud835\ude00\ud835\ude01\ud835\ude02\ud835\uddfb\ud835\uddf4 wurde Steffen Klein der Preis des Verbandes DIE PAPIERINDUSTRIE sowie der Ehrenpreis des Landkreis Rastatt f\u00fcr die \ud835\uddef\ud835\uddf2\ud835\ude00\ud835\ude01\ud835\uddf2 \ud835\udde7\ud835\uddf5\ud835\uddf2\ud835\uddfc\ud835\uddff\ud835\uddf6\ud835\uddf2\ud835\uddf9\ud835\uddf2\ud835\uddf6\ud835\ude00\ud835\ude01\ud835\ude02\ud835\uddfb\ud835\uddf4 verliehen. Den Industriepreis des F\u00f6rdervereins Papierzentrum Gernsbach \u2013 F\u00d6P e.V. f\u00fcr die \ud835\uddef\ud835\uddf2\ud835\ude00\ud835\ude01\ud835\uddf2 \ud835\uddfd\ud835\uddff\ud835\uddee\ud835\ude05\ud835\uddf6\ud835\ude00\ud835\uddfc\ud835\uddff\ud835\uddf6\ud835\uddf2\ud835\uddfb\ud835\ude01\ud835\uddf6\ud835\uddf2\ud835\uddff\ud835\ude01\ud835\uddf2 \ud835\uddd5\ud835\uddee\ud835\uddf0\ud835\uddf5\ud835\uddf2\ud835\uddf9\ud835\uddfc\ud835\uddff\ud835\uddee\ud835\uddff\ud835\uddef\ud835\uddf2\ud835\uddf6\ud835\ude01 erhielt Dominik Sa\u00df. Wir gratulieren Steffen und Dominik mit gro\u00dfer Anerkennung f\u00fcr ihre herausragenden Leistungen. \ud83c\udfc6 Im Anschluss richtete Prof. Dr. Jukka Valkama als Studiengangsleitung einige Worte an die Absolventen und die mitgereisten G\u00e4ste. Gemeinsam mit Prof. Dr. Monika Kopra-Sch\u00e4fer und Prof. Dr. Markus Wildberger \u00fcbergaben Sie die Zeugnisse feierlich an die Absolventen. Die Feier fand traditionell ihren Abschluss bei einem festlichen Essen \ud83c\udf7d\ufe0f in der Badischen Stube des Papiermacherhauses, das in einem famili\u00e4ren Rahmen viel Freude bereitete. Wir gratulieren allen Absolventen herzlich zu ihren Leistungen und w\u00fcnschen ihnen weiterhin viel Erfolg und das Beste auf ihrem beruflichen Weg. \ud83d\ude80 Auf ein baldiges Wiedersehen! \ud83d\udc4b Absolventen des Studiengangs TPT21: Cilli Barth Nico Begemann Denis Bilkic Lucas B\u00f6hmer Manuel Braun Jasmin Freihalter Lars Gloyer Marius Heine Marius Hellenbrand Fabian Hirsch Steffen Klein Genc Krasniqi Dominik Sa\u00df Amadeus Schlo\u00df Alexander Stark<\/p>\n","protected":false},"author":2,"featured_media":1372,"comment_status":"open","ping_status":"open","sticky":false,"template":"","format":"standard","meta":{"_monsterinsights_skip_tracking":false,"_monsterinsights_sitenote_active":false,"_monsterinsights_sitenote_note":"","_monsterinsights_sitenote_category":0,"site-sidebar-layout":"default","site-content-layout":"","ast-site-content-layout":"default","site-content-style":"default","site-sidebar-style":"default","ast-global-header-display":"","ast-banner-title-visibility":"","ast-main-header-display":"","ast-hfb-above-header-display":"","ast-hfb-below-header-display":"","ast-hfb-mobile-header-display":"","site-post-title":"","ast-breadcrumbs-content":"","ast-featured-img":"","footer-sml-layout":"","ast-disable-related-posts":"","theme-transparent-header-meta":"","adv-header-id-meta":"","stick-header-meta":"","header-above-stick-meta":"","header-main-stick-meta":"","header-below-stick-meta":"","astra-migrate-meta-layouts":"default","ast-page-background-enabled":"default","ast-page-background-meta":{"desktop":{"background-color":"var(--ast-global-color-5)","background-image":"","background-repeat":"repeat","background-position":"center center","background-size":"auto","background-attachment":"scroll","background-type":"","background-media":"","overlay-type":"","overlay-color":"","overlay-opacity":"","overlay-gradient":""},"tablet":{"background-color":"","background-image":"","background-repeat":"repeat","background-position":"center center","background-size":"auto","background-attachment":"scroll","background-type":"","background-media":"","overlay-type":"","overlay-color":"","overlay-opacity":"","overlay-gradient":""},"mobile":{"background-color":"","background-image":"","background-repeat":"repeat","background-position":"center center","background-size":"auto","background-attachment":"scroll","background-type":"","background-media":"","overlay-type":"","overlay-color":"","overlay-opacity":"","overlay-gradient":""}},"ast-content-background-meta":{"desktop":{"background-color":"var(--ast-global-color-4)","background-image":"","background-repeat":"repeat","background-position":"center center","background-size":"auto","background-attachment":"scroll","background-type":"","background-media":"","overlay-type":"","overlay-color":"","overlay-opacity":"","overlay-gradient":""},"tablet":{"background-color":"var(--ast-global-color-4)","background-image":"","background-repeat":"repeat","background-position":"center center","background-size":"auto","background-attachment":"scroll","background-type":"","background-media":"","overlay-type":"","overlay-color":"","overlay-opacity":"","overlay-gradient":""},"mobile":{"background-color":"var(--ast-global-color-4)","background-image":"","background-repeat":"repeat","background-position":"center center","background-size":"auto","background-attachment":"scroll","background-type":"","background-media":"","overlay-type":"","overlay-color":"","overlay-opacity":"","overlay-gradient":""}},"footnotes":""},"categories":[1],"tags":[],"class_list":["post-1370","post","type-post","status-publish","format-standard","has-post-thumbnail","hentry","category-allgemein"],"_links":{"self":[{"href":"https:\/\/test.apv-ka.de\/index.php?rest_route=\/wp\/v2\/posts\/1370","targetHints":{"allow":["GET"]}}],"collection":[{"href":"https:\/\/test.apv-ka.de\/index.php?rest_route=\/wp\/v2\/posts"}],"about":[{"href":"https:\/\/test.apv-ka.de\/index.php?rest_route=\/wp\/v2\/types\/post"}],"author":[{"embeddable":true,"href":"https:\/\/test.apv-ka.de\/index.php?rest_route=\/wp\/v2\/users\/2"}],"replies":[{"embeddable":true,"href":"https:\/\/test.apv-ka.de\/index.php?rest_route=%2Fwp%2Fv2%2Fcomments&post=1370"}],"version-history":[{"count":7,"href":"https:\/\/test.apv-ka.de\/index.php?rest_route=\/wp\/v2\/posts\/1370\/revisions"}],"predecessor-version":[{"id":1379,"href":"https:\/\/test.apv-ka.de\/index.php?rest_route=\/wp\/v2\/posts\/1370\/revisions\/1379"}],"wp:featuredmedia":[{"embeddable":true,"href":"https:\/\/test.apv-ka.de\/index.php?rest_route=\/wp\/v2\/media\/1372"}],"wp:attachment":[{"href":"https:\/\/test.apv-ka.de\/index.php?rest_route=%2Fwp%2Fv2%2Fmedia&parent=1370"}],"wp:term":[{"taxonomy":"category","embeddable":true,"href":"https:\/\/test.apv-ka.de\/index.php?rest_route=%2Fwp%2Fv2%2Fcategories&post=1370"},{"taxonomy":"post_tag","embeddable":true,"href":"https:\/\/test.apv-ka.de\/index.php?rest_route=%2Fwp%2Fv2%2Ftags&post=1370"}],"curies":[{"name":"wp","href":"https:\/\/api.w.org\/{rel}","templated":true}]}}